{"id":793,"date":"2012-12-23T16:16:25","date_gmt":"2012-12-23T14:16:25","guid":{"rendered":"http:\/\/salonslalom.wordpress.com\/?p=793"},"modified":"2012-12-23T16:16:25","modified_gmt":"2012-12-23T14:16:25","slug":"vorschau-salon-slalom-2013","status":"publish","type":"post","link":"http:\/\/www.dialogische-kultur-und-bildung.de\/salonslalom\/vorschau-salon-slalom-2013\/","title":{"rendered":"Vorschau Salon Slalom 2013"},"content":{"rendered":"<p>Das Team vom Salon Slalom w\u00fcnscht Euch frohe Weihnachtsfeiertage und ein gutes neues Jahr!<\/p>\n<div>Im n\u00e4chsten Jahr erwarten Euch im Salon voraussichtlich folgende Themen:<\/div>\n<p>25. Januar: &#8222;Elemente, schwarze L\u00f6cher und der Urknall&#8220;<br \/>\nM\u00e4rz: &#8222;Der Babylon-Salon&#8220; zum Thema \u00dcbersetzen und Verstehen<br \/>\nApril: &#8222;Die Couch an der Bar&#8220;: Kneipengespr\u00e4che aus Sicht eines Psychologen<br \/>\nMai: &#8222;Alexis Sorbas @ Niederursel&#8220;, griechisches Festbankett im Freien<br \/>\nF\u00fcr Juli planen wir einen Abend zum Thema &#8222;Gl\u00fcck&#8220;<br \/>\nIm Sp\u00e4tsommer gibt es hoffentlich eine Neuauflage des legend\u00e4ren &#8222;Wald-Salons&#8220;.<\/p>\n","protected":false},"excerpt":{"rendered":"<p>Das Team vom Salon Slalom w\u00fcnscht Euch frohe Weihnachtsfeiertage und ein gutes neues Jahr! Im n\u00e4chsten Jahr erwarten Euch im Salon voraussichtlich folgende Themen: 25. Januar: &#8222;Elemente, schwarze L\u00f6cher und der Urknall&#8220; M\u00e4rz: &#8222;Der Babylon-Salon&#8220; zum Thema \u00dcbersetzen und Verstehen &hellip; <a href=\"http:\/\/www.dialogische-kultur-und-bildung.de\/salonslalom\/vorschau-salon-slalom-2013\/\">Weiterlesen <span class=\"meta-nav\">&rarr;<\/span><\/a><\/p>\n","protected":false},"author":1,"featured_media":0,"comment_status":"closed","ping_status":"open","sticky":false,"template":"","format":"standard","meta":{"footnotes":""},"categories":[2],"tags":[],"class_list":["post-793","post","type-post","status-publish","format-standard","hentry","category-news"],"_links":{"self":[{"href":"http:\/\/www.dialogische-kultur-und-bildung.de\/salonslalom\/wp-json\/wp\/v2\/posts\/793","targetHints":{"allow":["GET"]}}],"collection":[{"href":"http:\/\/www.dialogische-kultur-und-bildung.de\/salonslalom\/wp-json\/wp\/v2\/posts"}],"about":[{"href":"http:\/\/www.dialogische-kultur-und-bildung.de\/salonslalom\/wp-json\/wp\/v2\/types\/post"}],"author":[{"embeddable":true,"href":"http:\/\/www.dialogische-kultur-und-bildung.de\/salonslalom\/wp-json\/wp\/v2\/users\/1"}],"replies":[{"embeddable":true,"href":"http:\/\/www.dialogische-kultur-und-bildung.de\/salonslalom\/wp-json\/wp\/v2\/comments?post=793"}],"version-history":[{"count":0,"href":"http:\/\/www.dialogische-kultur-und-bildung.de\/salonslalom\/wp-json\/wp\/v2\/posts\/793\/revisions"}],"wp:attachment":[{"href":"http:\/\/www.dialogische-kultur-und-bildung.de\/salonslalom\/wp-json\/wp\/v2\/media?parent=793"}],"wp:term":[{"taxonomy":"category","embeddable":true,"href":"http:\/\/www.dialogische-kultur-und-bildung.de\/salonslalom\/wp-json\/wp\/v2\/categories?post=793"},{"taxonomy":"post_tag","embeddable":true,"href":"http:\/\/www.dialogische-kultur-und-bildung.de\/salonslalom\/wp-json\/wp\/v2\/tags?post=793"}],"curies":[{"name":"wp","href":"https:\/\/api.w.org\/{rel}","templated":true}]}}