{"id":783,"date":"2012-12-23T16:17:47","date_gmt":"2012-12-23T14:17:47","guid":{"rendered":"http:\/\/salonslalom.wordpress.com\/?p=783"},"modified":"2012-12-23T16:17:47","modified_gmt":"2012-12-23T14:17:47","slug":"elemente-schwarze-locher-und-der-urknall","status":"publish","type":"post","link":"http:\/\/www.dialogische-kultur-und-bildung.de\/salonslalom\/elemente-schwarze-locher-und-der-urknall\/","title":{"rendered":"Elemente, schwarze L\u00f6cher und der Urknall"},"content":{"rendered":"<p><b>am <\/b><strong>Freitag, 25. Januar 2013<\/strong><b><br \/>\nmit dem <\/b><strong>Physiker<\/strong> <strong>Ingo Peter<br \/>\n<\/strong>Ort: der<strong> Teilchenbeschleuniger der GSI in Darmstadt-Wixhausen<br \/>\n<\/strong><br \/>\nDas gr\u00f6\u00dfte Experiment der Menschheitsgeschichte ist ein Teilchenbeschleuniger in Genf. Aber auch direkt vor unserer Haust\u00fcr steht so ein Ding &#8211; viel kleiner, aber dennoch riesengro\u00df. Warum bauen Menschen solche riesigen Ger\u00e4te, was machen Wissenschaftler dort? Im Prinzip ganz einfach: Stan Laurel und Oliver Hardy werden es Euch zeigen! Wie spannend Physik sein\u00a0kann, kann jeder f\u00fcr sich in einem kleinen (nicht ganz so strengen und nat\u00fcrlich anonymen) Wissenstest feststellen. <a title=\"Elemente, schwarze L\u00f6cher und der\u00a0Urknall\" href=\"http:\/\/salonslalom.wordpress.com\/termine\/elemente-schwarze-locher-und-der-urknall\/\">Mehr&#8230;<\/a><\/p>\n","protected":false},"excerpt":{"rendered":"<p>am Freitag, 25. Januar 2013 mit dem Physiker Ingo Peter Ort: der Teilchenbeschleuniger der GSI in Darmstadt-Wixhausen Das gr\u00f6\u00dfte Experiment der Menschheitsgeschichte ist ein Teilchenbeschleuniger in Genf. Aber auch direkt vor unserer Haust\u00fcr steht so ein Ding &#8211; viel kleiner, &hellip; <a href=\"http:\/\/www.dialogische-kultur-und-bildung.de\/salonslalom\/elemente-schwarze-locher-und-der-urknall\/\">Weiterlesen <span class=\"meta-nav\">&rarr;<\/span><\/a><\/p>\n","protected":false},"author":1,"featured_media":0,"comment_status":"closed","ping_status":"open","sticky":false,"template":"","format":"standard","meta":{"footnotes":""},"categories":[2],"tags":[],"class_list":["post-783","post","type-post","status-publish","format-standard","hentry","category-news"],"_links":{"self":[{"href":"http:\/\/www.dialogische-kultur-und-bildung.de\/salonslalom\/wp-json\/wp\/v2\/posts\/783","targetHints":{"allow":["GET"]}}],"collection":[{"href":"http:\/\/www.dialogische-kultur-und-bildung.de\/salonslalom\/wp-json\/wp\/v2\/posts"}],"about":[{"href":"http:\/\/www.dialogische-kultur-und-bildung.de\/salonslalom\/wp-json\/wp\/v2\/types\/post"}],"author":[{"embeddable":true,"href":"http:\/\/www.dialogische-kultur-und-bildung.de\/salonslalom\/wp-json\/wp\/v2\/users\/1"}],"replies":[{"embeddable":true,"href":"http:\/\/www.dialogische-kultur-und-bildung.de\/salonslalom\/wp-json\/wp\/v2\/comments?post=783"}],"version-history":[{"count":0,"href":"http:\/\/www.dialogische-kultur-und-bildung.de\/salonslalom\/wp-json\/wp\/v2\/posts\/783\/revisions"}],"wp:attachment":[{"href":"http:\/\/www.dialogische-kultur-und-bildung.de\/salonslalom\/wp-json\/wp\/v2\/media?parent=783"}],"wp:term":[{"taxonomy":"category","embeddable":true,"href":"http:\/\/www.dialogische-kultur-und-bildung.de\/salonslalom\/wp-json\/wp\/v2\/categories?post=783"},{"taxonomy":"post_tag","embeddable":true,"href":"http:\/\/www.dialogische-kultur-und-bildung.de\/salonslalom\/wp-json\/wp\/v2\/tags?post=783"}],"curies":[{"name":"wp","href":"https:\/\/api.w.org\/{rel}","templated":true}]}}