{"id":3849,"date":"2026-01-24T17:00:16","date_gmt":"2026-01-24T17:00:16","guid":{"rendered":"http:\/\/www.dialogische-kultur-und-bildung.de\/salonslalom\/?p=3849"},"modified":"2026-01-24T17:00:16","modified_gmt":"2026-01-24T17:00:16","slug":"fest-der-ideen","status":"publish","type":"post","link":"http:\/\/www.dialogische-kultur-und-bildung.de\/salonslalom\/fest-der-ideen\/","title":{"rendered":"Fest der Ideen"},"content":{"rendered":"\n<figure class=\"wp-block-image size-full\"><a href=\"http:\/\/www.dialogische-kultur-und-bildung.de\/salonslalom\/wp-content\/uploads\/2026\/01\/fest-der-ideen.jpg\"><img loading=\"lazy\" decoding=\"async\" width=\"850\" height=\"500\" src=\"http:\/\/www.dialogische-kultur-und-bildung.de\/salonslalom\/wp-content\/uploads\/2026\/01\/fest-der-ideen.jpg\" alt=\"\" class=\"wp-image-3848\" srcset=\"http:\/\/www.dialogische-kultur-und-bildung.de\/salonslalom\/wp-content\/uploads\/2026\/01\/fest-der-ideen.jpg 850w, http:\/\/www.dialogische-kultur-und-bildung.de\/salonslalom\/wp-content\/uploads\/2026\/01\/fest-der-ideen-300x176.jpg 300w, http:\/\/www.dialogische-kultur-und-bildung.de\/salonslalom\/wp-content\/uploads\/2026\/01\/fest-der-ideen-768x452.jpg 768w, http:\/\/www.dialogische-kultur-und-bildung.de\/salonslalom\/wp-content\/uploads\/2026\/01\/fest-der-ideen-500x294.jpg 500w\" sizes=\"auto, (max-width: 850px) 100vw, 850px\" \/><\/a><\/figure>\n\n\n\n<p>Die Zeiten sind nicht einfach, trotzdem oder gerade deswegen m\u00f6chten wir feiern. Wir freuen uns, mit euch in die neue Saison des Salon Slalom starten zu k\u00f6nnen. Wenn dir ein Thema unter den N\u00e4geln brennt, du eine Idee f\u00fcr einen Salonabend hast oder gar schon mit einem eigenen Vorhaben im Salon starten k\u00f6nntest, dann bring deine Idee, deine Gedanken und Vorstellungen mit. Auch unausgegorene Ideen d\u00fcrfen in den Hut! Das Publikum darf und soll seine Schwarmintelligenz beitragen, die Ideen noch besser zu machen. Aber auch ohne einen solchen Beitrag freuen wir uns \u00fcber deine Teilnahme! Du kannst uns bis zum 1.3.26 einen Musiktitel nennen, nach dem Zufallsprinzip ziehen wir dann die Titel und h\u00f6ren, was ihn f\u00fcr dich bedeutsam macht. Und wenn das auch zu viel ist: Komm einfach und trink mit uns ein Wasser, Wein oder Bier.<\/p>\n\n\n\n<p>Master of ceremony ist Mathias Fechter, auch die Nummerngirls von ehedem sind wieder dabei: Sandra Trauner und Susanne G\u00f6litzer.<\/p>\n\n\n\n<p>Bitte meldet euch per eMail bis zum 01.03.2026 gerne auch mit euren Freund*innen an, damit wir die Getr\u00e4nke organisieren k\u00f6nnen.<\/p>\n\n\n\n<p><strong>Wann? Freitag, 06.03.2026, 19:00 Uhr<br>Wo? \u201eMalstube\u201c im Sandweg in Frankfurt. <\/strong><br><strong>Was? Gespr\u00e4che und Ideen, Feiern und Musik, Getr\u00e4nke und Knabbereien<\/strong><\/p>\n\n\n\n<p>Bitte meldet euch <a href=\"http:\/\/www.dialogische-kultur-und-bildung.de\/salonslalom\/anmeldung\/\">hier<\/a> an. Nach der Anmeldung erhaltet Ihr genauere Informationen und eine Wegbeschreibung zum Ort der Veranstaltung.<\/p>\n","protected":false},"excerpt":{"rendered":"<p>Die Zeiten sind nicht einfach, trotzdem oder gerade deswegen m\u00f6chten wir feiern. Wir freuen uns, mit euch in die neue Saison des Salon Slalom starten zu k\u00f6nnen. Wenn dir ein Thema unter den N\u00e4geln brennt, du eine Idee f\u00fcr einen &hellip; <a href=\"http:\/\/www.dialogische-kultur-und-bildung.de\/salonslalom\/fest-der-ideen\/\">Weiterlesen <span class=\"meta-nav\">&rarr;<\/span><\/a><\/p>\n","protected":false},"author":1,"featured_media":0,"comment_status":"closed","ping_status":"closed","sticky":false,"template":"","format":"standard","meta":{"footnotes":""},"categories":[2],"tags":[],"class_list":["post-3849","post","type-post","status-publish","format-standard","hentry","category-news"],"_links":{"self":[{"href":"http:\/\/www.dialogische-kultur-und-bildung.de\/salonslalom\/wp-json\/wp\/v2\/posts\/3849","targetHints":{"allow":["GET"]}}],"collection":[{"href":"http:\/\/www.dialogische-kultur-und-bildung.de\/salonslalom\/wp-json\/wp\/v2\/posts"}],"about":[{"href":"http:\/\/www.dialogische-kultur-und-bildung.de\/salonslalom\/wp-json\/wp\/v2\/types\/post"}],"author":[{"embeddable":true,"href":"http:\/\/www.dialogische-kultur-und-bildung.de\/salonslalom\/wp-json\/wp\/v2\/users\/1"}],"replies":[{"embeddable":true,"href":"http:\/\/www.dialogische-kultur-und-bildung.de\/salonslalom\/wp-json\/wp\/v2\/comments?post=3849"}],"version-history":[{"count":2,"href":"http:\/\/www.dialogische-kultur-und-bildung.de\/salonslalom\/wp-json\/wp\/v2\/posts\/3849\/revisions"}],"predecessor-version":[{"id":3851,"href":"http:\/\/www.dialogische-kultur-und-bildung.de\/salonslalom\/wp-json\/wp\/v2\/posts\/3849\/revisions\/3851"}],"wp:attachment":[{"href":"http:\/\/www.dialogische-kultur-und-bildung.de\/salonslalom\/wp-json\/wp\/v2\/media?parent=3849"}],"wp:term":[{"taxonomy":"category","embeddable":true,"href":"http:\/\/www.dialogische-kultur-und-bildung.de\/salonslalom\/wp-json\/wp\/v2\/categories?post=3849"},{"taxonomy":"post_tag","embeddable":true,"href":"http:\/\/www.dialogische-kultur-und-bildung.de\/salonslalom\/wp-json\/wp\/v2\/tags?post=3849"}],"curies":[{"name":"wp","href":"https:\/\/api.w.org\/{rel}","templated":true}]}}