{"id":3719,"date":"2023-12-05T16:54:05","date_gmt":"2023-12-05T16:54:05","guid":{"rendered":"http:\/\/www.dialogische-kultur-und-bildung.de\/salonslalom\/?p=3719"},"modified":"2023-12-05T17:00:52","modified_gmt":"2023-12-05T17:00:52","slug":"eine-stadt-fuer-alle-oder-doch-nicht","status":"publish","type":"post","link":"http:\/\/www.dialogische-kultur-und-bildung.de\/salonslalom\/eine-stadt-fuer-alle-oder-doch-nicht\/","title":{"rendered":"Eine Stadt f\u00fcr alle \u2013 oder doch nicht?"},"content":{"rendered":"\n<p class=\"has-medium-font-size\"><strong>Wie Armut und Wohnungsnot die Gesellschaft herausfordern.<\/strong><\/p>\n\n\n\n<figure class=\"wp-block-image size-full\"><a href=\"http:\/\/www.dialogische-kultur-und-bildung.de\/salonslalom\/wp-content\/uploads\/2023\/12\/eine-stadt-fuer-alle.jpg\"><img loading=\"lazy\" decoding=\"async\" width=\"850\" height=\"500\" src=\"http:\/\/www.dialogische-kultur-und-bildung.de\/salonslalom\/wp-content\/uploads\/2023\/12\/eine-stadt-fuer-alle.jpg\" alt=\"\" class=\"wp-image-3708\" srcset=\"http:\/\/www.dialogische-kultur-und-bildung.de\/salonslalom\/wp-content\/uploads\/2023\/12\/eine-stadt-fuer-alle.jpg 850w, http:\/\/www.dialogische-kultur-und-bildung.de\/salonslalom\/wp-content\/uploads\/2023\/12\/eine-stadt-fuer-alle-300x176.jpg 300w, http:\/\/www.dialogische-kultur-und-bildung.de\/salonslalom\/wp-content\/uploads\/2023\/12\/eine-stadt-fuer-alle-768x452.jpg 768w, http:\/\/www.dialogische-kultur-und-bildung.de\/salonslalom\/wp-content\/uploads\/2023\/12\/eine-stadt-fuer-alle-500x294.jpg 500w\" sizes=\"auto, (max-width: 850px) 100vw, 850px\" \/><\/a><\/figure>\n\n\n\n<p>Eske Hicken, Reporterin beim Hessischen Rundfunk, ist nach Portland in den USA gereist, um hier ein Jahr lang f\u00fcr eine Organisation zu arbeiten, die f\u00fcr die Rechte von Obdachlosen k\u00e4mpft. In ihrem Roman \u201eHomeless\u201c, der in Portland spielt, dokumentiert sie aus der Sicht von vier Protagonisten die Spannungen zwischen den Armen und Heimatlosen auf der einen und der akademischen Mittelschicht auf der anderen Seite. Beim Salon wird die Autorin von diesen Erlebnissen in Portland erz\u00e4hlen und aus ihrem Buch, das beim Westend Verlag erschienen ist, vorlesen. Im anschlie\u00dfenden Gespr\u00e4ch mit Euch wollen wir dar\u00fcber sprechen, wie sich auch Frankfurt unter dem Druck von Migration und Wohnungsnot ver\u00e4ndert hat \u2013 und wom\u00f6glich noch ver\u00e4ndern wird. Und wie eine humane Gesellschaft mit diesen Ver\u00e4nderungen umgehen sollte.<\/p>\n\n\n\n<p><strong>Eske Hicken<\/strong>, Autorin des Romans \u201eHomeless\u201c, im Gespr\u00e4ch mit <strong>Petra Kirchhoff<\/strong>.<\/p>\n\n\n\n<p><strong>Termin: Freitag, 19. Januar 2024, 19:00 Uhr<br>Ort: Buchhandlung Buch &amp; Wein, Berger Stra\u00dfe 122, Frankfurt am Main\/Bornheim<\/strong><\/p>\n\n\n\n<p>Bis 20:00 Uhr besteht die M\u00f6glichkeit f\u00fcr Unterhaltung und Essen, danach Beginn des Gespr\u00e4chs. Das Essen kann vor Ort bestellt werden (Speisen von <em>tischlein* deck dich<\/em>).<\/p>\n\n\n\n<p>Ausf\u00fchrlichere Informationen sind <a href=\"http:\/\/www.dialogische-kultur-und-bildung.de\/salonslalom\/termine\/eine-stadt-fuer-alle-oder-doch-nicht\/\" data-type=\"page\" data-id=\"3709\">hier<\/a> zu finden. Bitte meldet Euch <a href=\"http:\/\/www.dialogische-kultur-und-bildung.de\/salonslalom\/anmeldung\/\" data-type=\"page\" data-id=\"129\">hier<\/a> an.<\/p>\n","protected":false},"excerpt":{"rendered":"<p>Wie Armut und Wohnungsnot die Gesellschaft herausfordern. Eske Hicken, Reporterin beim Hessischen Rundfunk, ist nach Portland in den USA gereist, um hier ein Jahr lang f\u00fcr eine Organisation zu arbeiten, die f\u00fcr die Rechte von Obdachlosen k\u00e4mpft. In ihrem Roman &hellip; <a href=\"http:\/\/www.dialogische-kultur-und-bildung.de\/salonslalom\/eine-stadt-fuer-alle-oder-doch-nicht\/\">Weiterlesen <span class=\"meta-nav\">&rarr;<\/span><\/a><\/p>\n","protected":false},"author":1,"featured_media":0,"comment_status":"closed","ping_status":"closed","sticky":false,"template":"","format":"standard","meta":{"footnotes":""},"categories":[2],"tags":[],"class_list":["post-3719","post","type-post","status-publish","format-standard","hentry","category-news"],"_links":{"self":[{"href":"http:\/\/www.dialogische-kultur-und-bildung.de\/salonslalom\/wp-json\/wp\/v2\/posts\/3719","targetHints":{"allow":["GET"]}}],"collection":[{"href":"http:\/\/www.dialogische-kultur-und-bildung.de\/salonslalom\/wp-json\/wp\/v2\/posts"}],"about":[{"href":"http:\/\/www.dialogische-kultur-und-bildung.de\/salonslalom\/wp-json\/wp\/v2\/types\/post"}],"author":[{"embeddable":true,"href":"http:\/\/www.dialogische-kultur-und-bildung.de\/salonslalom\/wp-json\/wp\/v2\/users\/1"}],"replies":[{"embeddable":true,"href":"http:\/\/www.dialogische-kultur-und-bildung.de\/salonslalom\/wp-json\/wp\/v2\/comments?post=3719"}],"version-history":[{"count":3,"href":"http:\/\/www.dialogische-kultur-und-bildung.de\/salonslalom\/wp-json\/wp\/v2\/posts\/3719\/revisions"}],"predecessor-version":[{"id":3724,"href":"http:\/\/www.dialogische-kultur-und-bildung.de\/salonslalom\/wp-json\/wp\/v2\/posts\/3719\/revisions\/3724"}],"wp:attachment":[{"href":"http:\/\/www.dialogische-kultur-und-bildung.de\/salonslalom\/wp-json\/wp\/v2\/media?parent=3719"}],"wp:term":[{"taxonomy":"category","embeddable":true,"href":"http:\/\/www.dialogische-kultur-und-bildung.de\/salonslalom\/wp-json\/wp\/v2\/categories?post=3719"},{"taxonomy":"post_tag","embeddable":true,"href":"http:\/\/www.dialogische-kultur-und-bildung.de\/salonslalom\/wp-json\/wp\/v2\/tags?post=3719"}],"curies":[{"name":"wp","href":"https:\/\/api.w.org\/{rel}","templated":true}]}}