{"id":3227,"date":"2020-03-26T10:27:03","date_gmt":"2020-03-26T10:27:03","guid":{"rendered":"http:\/\/www.dialogische-kultur-und-bildung.de\/salonslalom\/?p=3227"},"modified":"2020-03-26T10:32:49","modified_gmt":"2020-03-26T10:32:49","slug":"zur-sprache-finden-lesung-und-gespraech-im-corona-ausnahmezustand","status":"publish","type":"post","link":"http:\/\/www.dialogische-kultur-und-bildung.de\/salonslalom\/zur-sprache-finden-lesung-und-gespraech-im-corona-ausnahmezustand\/","title":{"rendered":"Zur Sprache finden: Lesung und Gespr\u00e4ch im Corona-Ausnahmezustand"},"content":{"rendered":"\n<h2 class=\"wp-block-heading\">Online-Veranstaltung per Videokonferenz<\/h2>\n\n\n\n<div class=\"wp-block-image\"><figure class=\"alignleft size-large\"><img loading=\"lazy\" decoding=\"async\" width=\"768\" height=\"439\" src=\"http:\/\/www.dialogische-kultur-und-bildung.de\/salonslalom\/wp-content\/uploads\/2020\/03\/corona-mannamfenster.jpg\" alt=\"\" class=\"wp-image-3217\" srcset=\"http:\/\/www.dialogische-kultur-und-bildung.de\/salonslalom\/wp-content\/uploads\/2020\/03\/corona-mannamfenster.jpg 768w, http:\/\/www.dialogische-kultur-und-bildung.de\/salonslalom\/wp-content\/uploads\/2020\/03\/corona-mannamfenster-300x171.jpg 300w, http:\/\/www.dialogische-kultur-und-bildung.de\/salonslalom\/wp-content\/uploads\/2020\/03\/corona-mannamfenster-500x286.jpg 500w\" sizes=\"auto, (max-width: 768px) 100vw, 768px\" \/><\/figure><\/div>\n\n\n\n<p>Corona schreckt uns alle auf. Corona wirft uns auf uns selbst zur\u00fcck. In \u201esozialer Distanz\u201c und selbstverordneter Quarant\u00e4ne sind wir alleine mit unserer Angst und unseren Sorgen. Was folgt aus der Corona-Krise? Pers\u00f6nlich? Gesellschaftlich? Politisch? Liegen auch Chancen in der Krise? Entsteht hier was Neues? Wir wissen es (noch) nicht.<\/p>\n\n\n\n<p>Wir m\u00fcssen Worte f\u00fcr das Neue finden, um es einordnen und verarbeiten zu k\u00f6nnen. Kurzum: Wir m\u00fcssen zur Sprache finden \u2013 und das m\u00f6chten wir gemeinsam mit Euch. In einem digitalen Salon Slalom wollen wir Lesung und dialogisches Gespr\u00e4ch verbinden: Susanne G\u00f6litzer liest aus ihren Texten \u201eAusnahmezustand im Fr\u00fchling\u201c, Mathias Fechter und Sandra Trauner moderieren zwischendurch und anschlie\u00dfend das Gespr\u00e4ch mit Euch. Ihr k\u00f6nnt gerne auch eigene Texte beisteuern, indem ihr etwas vorlest oder an Susanne schickt.<\/p>\n\n\n\n<p><strong>Termin:<br>Freitag, 03. April 2020, 19:00 Uhr<br>Teilnahme per Skype<\/strong><\/p>\n\n\n\n<p>Achtung: Die Teilnahme ist aus technischen Gr\u00fcnden auf 20 Personen beschr\u00e4nkt.<\/p>\n\n\n\n<p><a href=\"http:\/\/www.dialogische-kultur-und-bildung.de\/salonslalom\/anmeldung\/\">Bitte meldet Euch wie gewohnt an.<\/a> Wir lassen Euch dann die Zugangsdaten zukommen.<\/p>\n\n\n\n<p>Wir freuen uns auf Euch! Mathias, Sandra und Susanne<\/p>\n","protected":false},"excerpt":{"rendered":"<p>Online-Veranstaltung per Videokonferenz Corona schreckt uns alle auf. Corona wirft uns auf uns selbst zur\u00fcck. In \u201esozialer Distanz\u201c und selbstverordneter Quarant\u00e4ne sind wir alleine mit unserer Angst und unseren Sorgen. Was folgt aus der Corona-Krise? Pers\u00f6nlich? Gesellschaftlich? Politisch? Liegen auch &hellip; <a href=\"http:\/\/www.dialogische-kultur-und-bildung.de\/salonslalom\/zur-sprache-finden-lesung-und-gespraech-im-corona-ausnahmezustand\/\">Weiterlesen <span class=\"meta-nav\">&rarr;<\/span><\/a><\/p>\n","protected":false},"author":1,"featured_media":0,"comment_status":"closed","ping_status":"closed","sticky":false,"template":"","format":"standard","meta":{"footnotes":""},"categories":[2],"tags":[],"class_list":["post-3227","post","type-post","status-publish","format-standard","hentry","category-news"],"_links":{"self":[{"href":"http:\/\/www.dialogische-kultur-und-bildung.de\/salonslalom\/wp-json\/wp\/v2\/posts\/3227","targetHints":{"allow":["GET"]}}],"collection":[{"href":"http:\/\/www.dialogische-kultur-und-bildung.de\/salonslalom\/wp-json\/wp\/v2\/posts"}],"about":[{"href":"http:\/\/www.dialogische-kultur-und-bildung.de\/salonslalom\/wp-json\/wp\/v2\/types\/post"}],"author":[{"embeddable":true,"href":"http:\/\/www.dialogische-kultur-und-bildung.de\/salonslalom\/wp-json\/wp\/v2\/users\/1"}],"replies":[{"embeddable":true,"href":"http:\/\/www.dialogische-kultur-und-bildung.de\/salonslalom\/wp-json\/wp\/v2\/comments?post=3227"}],"version-history":[{"count":2,"href":"http:\/\/www.dialogische-kultur-und-bildung.de\/salonslalom\/wp-json\/wp\/v2\/posts\/3227\/revisions"}],"predecessor-version":[{"id":3232,"href":"http:\/\/www.dialogische-kultur-und-bildung.de\/salonslalom\/wp-json\/wp\/v2\/posts\/3227\/revisions\/3232"}],"wp:attachment":[{"href":"http:\/\/www.dialogische-kultur-und-bildung.de\/salonslalom\/wp-json\/wp\/v2\/media?parent=3227"}],"wp:term":[{"taxonomy":"category","embeddable":true,"href":"http:\/\/www.dialogische-kultur-und-bildung.de\/salonslalom\/wp-json\/wp\/v2\/categories?post=3227"},{"taxonomy":"post_tag","embeddable":true,"href":"http:\/\/www.dialogische-kultur-und-bildung.de\/salonslalom\/wp-json\/wp\/v2\/tags?post=3227"}],"curies":[{"name":"wp","href":"https:\/\/api.w.org\/{rel}","templated":true}]}}