{"id":2509,"date":"2017-10-15T15:29:53","date_gmt":"2017-10-15T13:29:53","guid":{"rendered":"https:\/\/salonslalom.wordpress.com\/?p=2509"},"modified":"2018-09-12T14:51:30","modified_gmt":"2018-09-12T14:51:30","slug":"noch-plaetze-frei-bei-grueezi-und-hallo","status":"publish","type":"post","link":"http:\/\/www.dialogische-kultur-und-bildung.de\/salonslalom\/noch-plaetze-frei-bei-grueezi-und-hallo\/","title":{"rendered":"Noch Pl\u00e4tze frei bei &#8222;Gr\u00fcezi und Hallo&#8220;"},"content":{"rendered":"<p>Liebe Freunde,<\/p>\n<p>am 27. Oktober gibt es noch Pl\u00e4tze bei <a href=\"http:\/\/www.dialogische-kultur-und-bildung.de\/salonslalom\/archiv\/grueezi-und-hallo-am-29-oktober\/\">&#8222;Gr\u00fcezi und Hallo&#8220;<\/a>. Neu: Unsrer Gastgeber, die Buchhandlung &#8222;Buch und Wein&#8220; auf der Berger Stra\u00dfe, bietet uns kulinarisch Erlesenes und guten Wein an. Wer vorab mit uns essen will, m\u00f6ge dies bitte an der Anmeldung angeben. Jetzt bleibt nur noch die Frage, ob wir das Alphorn in den Raum kriegen&#8230;<\/p>\n","protected":false},"excerpt":{"rendered":"<p>Liebe Freunde, am 27. Oktober gibt es noch Pl\u00e4tze bei &#8222;Gr\u00fcezi und Hallo&#8220;. Neu: Unsrer Gastgeber, die Buchhandlung &#8222;Buch und Wein&#8220; auf der Berger Stra\u00dfe, bietet uns kulinarisch Erlesenes und guten Wein an. Wer vorab mit uns essen will, m\u00f6ge &hellip; <a href=\"http:\/\/www.dialogische-kultur-und-bildung.de\/salonslalom\/noch-plaetze-frei-bei-grueezi-und-hallo\/\">Weiterlesen <span class=\"meta-nav\">&rarr;<\/span><\/a><\/p>\n","protected":false},"author":1,"featured_media":0,"comment_status":"closed","ping_status":"open","sticky":false,"template":"","format":"standard","meta":{"footnotes":""},"categories":[2],"tags":[],"class_list":["post-2509","post","type-post","status-publish","format-standard","hentry","category-news"],"_links":{"self":[{"href":"http:\/\/www.dialogische-kultur-und-bildung.de\/salonslalom\/wp-json\/wp\/v2\/posts\/2509","targetHints":{"allow":["GET"]}}],"collection":[{"href":"http:\/\/www.dialogische-kultur-und-bildung.de\/salonslalom\/wp-json\/wp\/v2\/posts"}],"about":[{"href":"http:\/\/www.dialogische-kultur-und-bildung.de\/salonslalom\/wp-json\/wp\/v2\/types\/post"}],"author":[{"embeddable":true,"href":"http:\/\/www.dialogische-kultur-und-bildung.de\/salonslalom\/wp-json\/wp\/v2\/users\/1"}],"replies":[{"embeddable":true,"href":"http:\/\/www.dialogische-kultur-und-bildung.de\/salonslalom\/wp-json\/wp\/v2\/comments?post=2509"}],"version-history":[{"count":2,"href":"http:\/\/www.dialogische-kultur-und-bildung.de\/salonslalom\/wp-json\/wp\/v2\/posts\/2509\/revisions"}],"predecessor-version":[{"id":2823,"href":"http:\/\/www.dialogische-kultur-und-bildung.de\/salonslalom\/wp-json\/wp\/v2\/posts\/2509\/revisions\/2823"}],"wp:attachment":[{"href":"http:\/\/www.dialogische-kultur-und-bildung.de\/salonslalom\/wp-json\/wp\/v2\/media?parent=2509"}],"wp:term":[{"taxonomy":"category","embeddable":true,"href":"http:\/\/www.dialogische-kultur-und-bildung.de\/salonslalom\/wp-json\/wp\/v2\/categories?post=2509"},{"taxonomy":"post_tag","embeddable":true,"href":"http:\/\/www.dialogische-kultur-und-bildung.de\/salonslalom\/wp-json\/wp\/v2\/tags?post=2509"}],"curies":[{"name":"wp","href":"https:\/\/api.w.org\/{rel}","templated":true}]}}