{"id":2473,"date":"2017-07-10T17:18:25","date_gmt":"2017-07-10T15:18:25","guid":{"rendered":"https:\/\/salonslalom.wordpress.com\/?p=2473"},"modified":"2018-09-12T14:54:43","modified_gmt":"2018-09-12T14:54:43","slug":"bilder-online","status":"publish","type":"post","link":"http:\/\/www.dialogische-kultur-und-bildung.de\/salonslalom\/bilder-online\/","title":{"rendered":"Wir machen Sommerpause. Bilder online."},"content":{"rendered":"<p><img loading=\"lazy\" decoding=\"async\" class=\"alignnone size-full wp-image-2466\" src=\"http:\/\/www.dialogische-kultur-und-bildung.de\/salonslalom\/wp-content\/uploads\/2017\/07\/vvqqmyyvqryc11pqxdiifw_thumb_597a.jpg\" alt=\"vVQQMYyvQRyC11PqXdIIfw_thumb_597a\" width=\"1442\" height=\"544\" srcset=\"http:\/\/www.dialogische-kultur-und-bildung.de\/salonslalom\/wp-content\/uploads\/2017\/07\/vvqqmyyvqryc11pqxdiifw_thumb_597a.jpg 1442w, http:\/\/www.dialogische-kultur-und-bildung.de\/salonslalom\/wp-content\/uploads\/2017\/07\/vvqqmyyvqryc11pqxdiifw_thumb_597a-300x113.jpg 300w, http:\/\/www.dialogische-kultur-und-bildung.de\/salonslalom\/wp-content\/uploads\/2017\/07\/vvqqmyyvqryc11pqxdiifw_thumb_597a-768x290.jpg 768w, http:\/\/www.dialogische-kultur-und-bildung.de\/salonslalom\/wp-content\/uploads\/2017\/07\/vvqqmyyvqryc11pqxdiifw_thumb_597a-1024x386.jpg 1024w, http:\/\/www.dialogische-kultur-und-bildung.de\/salonslalom\/wp-content\/uploads\/2017\/07\/vvqqmyyvqryc11pqxdiifw_thumb_597a-500x189.jpg 500w\" sizes=\"auto, (max-width: 1442px) 100vw, 1442px\" \/><\/p>\n<p>Einen sch\u00f6nen Sommer w\u00fcnscht Euch der Salon Slalom! Bis zum n\u00e4chsten Termin wird es noch etwas dauern. Aber so viel sei schon verraten: Es geht um Deutschland und die Schweiz. Bis dahin haben wir schon mal die Fotos vom letzten Salon online gestellt. Ihr findet Sie <a href=\"http:\/\/www.dialogische-kultur-und-bildung.de\/salonslalom\/archiv\/die-geschichte-des-salons-23-6-2017\/\">hier<\/a>.\u00a0Dank an Annette und Christo!<\/p>\n","protected":false},"excerpt":{"rendered":"<p>Einen sch\u00f6nen Sommer w\u00fcnscht Euch der Salon Slalom! Bis zum n\u00e4chsten Termin wird es noch etwas dauern. Aber so viel sei schon verraten: Es geht um Deutschland und die Schweiz. Bis dahin haben wir schon mal die Fotos vom letzten &hellip; <a href=\"http:\/\/www.dialogische-kultur-und-bildung.de\/salonslalom\/bilder-online\/\">Weiterlesen <span class=\"meta-nav\">&rarr;<\/span><\/a><\/p>\n","protected":false},"author":1,"featured_media":0,"comment_status":"closed","ping_status":"open","sticky":false,"template":"","format":"standard","meta":{"footnotes":""},"categories":[2],"tags":[],"class_list":["post-2473","post","type-post","status-publish","format-standard","hentry","category-news"],"_links":{"self":[{"href":"http:\/\/www.dialogische-kultur-und-bildung.de\/salonslalom\/wp-json\/wp\/v2\/posts\/2473","targetHints":{"allow":["GET"]}}],"collection":[{"href":"http:\/\/www.dialogische-kultur-und-bildung.de\/salonslalom\/wp-json\/wp\/v2\/posts"}],"about":[{"href":"http:\/\/www.dialogische-kultur-und-bildung.de\/salonslalom\/wp-json\/wp\/v2\/types\/post"}],"author":[{"embeddable":true,"href":"http:\/\/www.dialogische-kultur-und-bildung.de\/salonslalom\/wp-json\/wp\/v2\/users\/1"}],"replies":[{"embeddable":true,"href":"http:\/\/www.dialogische-kultur-und-bildung.de\/salonslalom\/wp-json\/wp\/v2\/comments?post=2473"}],"version-history":[{"count":2,"href":"http:\/\/www.dialogische-kultur-und-bildung.de\/salonslalom\/wp-json\/wp\/v2\/posts\/2473\/revisions"}],"predecessor-version":[{"id":2827,"href":"http:\/\/www.dialogische-kultur-und-bildung.de\/salonslalom\/wp-json\/wp\/v2\/posts\/2473\/revisions\/2827"}],"wp:attachment":[{"href":"http:\/\/www.dialogische-kultur-und-bildung.de\/salonslalom\/wp-json\/wp\/v2\/media?parent=2473"}],"wp:term":[{"taxonomy":"category","embeddable":true,"href":"http:\/\/www.dialogische-kultur-und-bildung.de\/salonslalom\/wp-json\/wp\/v2\/categories?post=2473"},{"taxonomy":"post_tag","embeddable":true,"href":"http:\/\/www.dialogische-kultur-und-bildung.de\/salonslalom\/wp-json\/wp\/v2\/tags?post=2473"}],"curies":[{"name":"wp","href":"https:\/\/api.w.org\/{rel}","templated":true}]}}