{"id":2102,"date":"2016-07-13T19:52:05","date_gmt":"2016-07-13T17:52:05","guid":{"rendered":"https:\/\/salonslalom.wordpress.com\/?p=2102"},"modified":"2016-07-13T19:52:05","modified_gmt":"2016-07-13T17:52:05","slug":"vorankuendigung-termine-nach-der-sommerpause","status":"publish","type":"post","link":"http:\/\/www.dialogische-kultur-und-bildung.de\/salonslalom\/vorankuendigung-termine-nach-der-sommerpause\/","title":{"rendered":"Vorank\u00fcndigung: Termine nach der Sommerpause"},"content":{"rendered":"<p>Liebe Freunde des Salon Slalom,<\/p>\n<p>der Salon macht Sommerpause. F\u00fcr die Zeit danach haben wir schon vier super aufregende und anregende Themen f\u00fcr Euch vereinbart:<\/p>\n<p><strong>23. September:<\/strong> &#8222;Lichtverk\u00f6stigung&#8220; mit Rosa Erdmann und Christoph Adlfinger-Pullman, Galerie Schwalbe 54 im Gallus-Viertel<br \/>\n<strong>7. Oktober:<\/strong> &#8222;Der Gastarbeiter im deutschen Schlager&#8220; mit Thomas Kunz, Ort suchen wir noch<br \/>\n<strong>18. November:<\/strong>\u00a0&#8222;Die Gesichter der Toten&#8220; mit Constanze Niess, Institut f\u00fcr Rechtsmedizin, Kennedyallee 104<br \/>\n<strong>Dezember\/Januar:<\/strong> &#8222;Verschw\u00f6rungstheorien reloaded&#8220; mit Gregor Honsel aus Hannover, Ort steht noch nicht fest.<\/p>\n<p>Details zur Lichtverk\u00f6stigung folgen in K\u00fcrze! Wir w\u00fcnschen Euch einen sch\u00f6nen Sommer, Susanne, Mathias und Sandra<\/p>\n","protected":false},"excerpt":{"rendered":"<p>Liebe Freunde des Salon Slalom, der Salon macht Sommerpause. F\u00fcr die Zeit danach haben wir schon vier super aufregende und anregende Themen f\u00fcr Euch vereinbart: 23. September: &#8222;Lichtverk\u00f6stigung&#8220; mit Rosa Erdmann und Christoph Adlfinger-Pullman, Galerie Schwalbe 54 im Gallus-Viertel 7. &hellip; <a href=\"http:\/\/www.dialogische-kultur-und-bildung.de\/salonslalom\/vorankuendigung-termine-nach-der-sommerpause\/\">Weiterlesen <span class=\"meta-nav\">&rarr;<\/span><\/a><\/p>\n","protected":false},"author":1,"featured_media":0,"comment_status":"closed","ping_status":"open","sticky":false,"template":"","format":"standard","meta":{"footnotes":""},"categories":[2],"tags":[],"class_list":["post-2102","post","type-post","status-publish","format-standard","hentry","category-news"],"_links":{"self":[{"href":"http:\/\/www.dialogische-kultur-und-bildung.de\/salonslalom\/wp-json\/wp\/v2\/posts\/2102","targetHints":{"allow":["GET"]}}],"collection":[{"href":"http:\/\/www.dialogische-kultur-und-bildung.de\/salonslalom\/wp-json\/wp\/v2\/posts"}],"about":[{"href":"http:\/\/www.dialogische-kultur-und-bildung.de\/salonslalom\/wp-json\/wp\/v2\/types\/post"}],"author":[{"embeddable":true,"href":"http:\/\/www.dialogische-kultur-und-bildung.de\/salonslalom\/wp-json\/wp\/v2\/users\/1"}],"replies":[{"embeddable":true,"href":"http:\/\/www.dialogische-kultur-und-bildung.de\/salonslalom\/wp-json\/wp\/v2\/comments?post=2102"}],"version-history":[{"count":0,"href":"http:\/\/www.dialogische-kultur-und-bildung.de\/salonslalom\/wp-json\/wp\/v2\/posts\/2102\/revisions"}],"wp:attachment":[{"href":"http:\/\/www.dialogische-kultur-und-bildung.de\/salonslalom\/wp-json\/wp\/v2\/media?parent=2102"}],"wp:term":[{"taxonomy":"category","embeddable":true,"href":"http:\/\/www.dialogische-kultur-und-bildung.de\/salonslalom\/wp-json\/wp\/v2\/categories?post=2102"},{"taxonomy":"post_tag","embeddable":true,"href":"http:\/\/www.dialogische-kultur-und-bildung.de\/salonslalom\/wp-json\/wp\/v2\/tags?post=2102"}],"curies":[{"name":"wp","href":"https:\/\/api.w.org\/{rel}","templated":true}]}}