{"id":1803,"date":"2015-06-17T17:27:28","date_gmt":"2015-06-17T15:27:28","guid":{"rendered":"https:\/\/salonslalom.wordpress.com\/?p=1803"},"modified":"2015-06-17T17:27:28","modified_gmt":"2015-06-17T15:27:28","slug":"bilder-aus-dem-mainkur-bahnhof","status":"publish","type":"post","link":"http:\/\/www.dialogische-kultur-und-bildung.de\/salonslalom\/bilder-aus-dem-mainkur-bahnhof\/","title":{"rendered":"Bilder aus dem Mainkur-Bahnhof"},"content":{"rendered":"<p>Ein gro\u00dfer Dank an alle G\u00e4ste, die im Mainkur-Bahnhof so angeregt zur Diskussion \u00fcber Alltagsrassismus beigetragen haben. Ihr wart ein tolles Publikum, und Nadine und Katharina super Referentinnen. In unserer Galerie findet Ihr ein paar<a href=\"https:\/\/salonslalom.wordpress.com\/galerie\/12-6-2015-wer-hat-angst-vorm-schwarzen-mann-2\/\"> Bilder<\/a> vom Salon &#8222;Wer hat Angst vorm schwarzen Mann?&#8220;<\/p>\n","protected":false},"excerpt":{"rendered":"<p>Ein gro\u00dfer Dank an alle G\u00e4ste, die im Mainkur-Bahnhof so angeregt zur Diskussion \u00fcber Alltagsrassismus beigetragen haben. Ihr wart ein tolles Publikum, und Nadine und Katharina super Referentinnen. In unserer Galerie findet Ihr ein paar Bilder vom Salon &#8222;Wer hat &hellip; <a href=\"http:\/\/www.dialogische-kultur-und-bildung.de\/salonslalom\/bilder-aus-dem-mainkur-bahnhof\/\">Weiterlesen <span class=\"meta-nav\">&rarr;<\/span><\/a><\/p>\n","protected":false},"author":1,"featured_media":0,"comment_status":"closed","ping_status":"open","sticky":false,"template":"","format":"standard","meta":{"footnotes":""},"categories":[2],"tags":[],"class_list":["post-1803","post","type-post","status-publish","format-standard","hentry","category-news"],"_links":{"self":[{"href":"http:\/\/www.dialogische-kultur-und-bildung.de\/salonslalom\/wp-json\/wp\/v2\/posts\/1803","targetHints":{"allow":["GET"]}}],"collection":[{"href":"http:\/\/www.dialogische-kultur-und-bildung.de\/salonslalom\/wp-json\/wp\/v2\/posts"}],"about":[{"href":"http:\/\/www.dialogische-kultur-und-bildung.de\/salonslalom\/wp-json\/wp\/v2\/types\/post"}],"author":[{"embeddable":true,"href":"http:\/\/www.dialogische-kultur-und-bildung.de\/salonslalom\/wp-json\/wp\/v2\/users\/1"}],"replies":[{"embeddable":true,"href":"http:\/\/www.dialogische-kultur-und-bildung.de\/salonslalom\/wp-json\/wp\/v2\/comments?post=1803"}],"version-history":[{"count":0,"href":"http:\/\/www.dialogische-kultur-und-bildung.de\/salonslalom\/wp-json\/wp\/v2\/posts\/1803\/revisions"}],"wp:attachment":[{"href":"http:\/\/www.dialogische-kultur-und-bildung.de\/salonslalom\/wp-json\/wp\/v2\/media?parent=1803"}],"wp:term":[{"taxonomy":"category","embeddable":true,"href":"http:\/\/www.dialogische-kultur-und-bildung.de\/salonslalom\/wp-json\/wp\/v2\/categories?post=1803"},{"taxonomy":"post_tag","embeddable":true,"href":"http:\/\/www.dialogische-kultur-und-bildung.de\/salonslalom\/wp-json\/wp\/v2\/tags?post=1803"}],"curies":[{"name":"wp","href":"https:\/\/api.w.org\/{rel}","templated":true}]}}