{"id":1772,"date":"2015-05-15T14:37:20","date_gmt":"2015-05-15T12:37:20","guid":{"rendered":"https:\/\/salonslalom.wordpress.com\/?p=1772"},"modified":"2015-05-15T14:37:20","modified_gmt":"2015-05-15T12:37:20","slug":"wer-hat-angst-vorm-schwarzen-mann-rassismus-im-alltag-2","status":"publish","type":"post","link":"http:\/\/www.dialogische-kultur-und-bildung.de\/salonslalom\/wer-hat-angst-vorm-schwarzen-mann-rassismus-im-alltag-2\/","title":{"rendered":"Wer hat Angst vorm schwarzen Mann? Rassismus im Alltag"},"content":{"rendered":"<p><a href=\"https:\/\/salonslalom.files.wordpress.com\/2015\/05\/rassismus.jpg\"><img loading=\"lazy\" decoding=\"async\" class=\"alignleft size-full wp-image-1759\" src=\"https:\/\/salonslalom.files.wordpress.com\/2015\/05\/rassismus.jpg\" alt=\"rassismus\" width=\"570\" height=\"238\" \/><\/a><\/p>\n<p>In der Regel haben die meisten von uns den Anspruch, nicht rassistisch zu denken und zu handeln, vor \u00dcberraschungen ist allerdings niemand sicher. Wie kommt es zu diesem Widerspruch zwischen Anspruch und Wirklichkeit? Mitnichten ist das Thema \u201eRassismus\u201c nur ein Thema der politisch Rechten. Es gibt vielmehr kulturell tief eingeschliffene Muster, die Ausgrenzung und Erniedrigung auch im Alltag aufrechterhalten. <a title=\"Wer hat Angst vorm schwarzen Mann? Rassismus im Alltag\" href=\"https:\/\/salonslalom.wordpress.com\/termine\/wer-hat-angst-vorm-schwarzen-mann-rassismus-im-alltag\/\">Mehr lesen?<\/a><\/p>\n<p>Beim Salon Slalom am <strong>Freitag, den 12. Juni 2015, um 19 Uhr<\/strong>\u00a0wollen Katharina Luley und Nadine Schl\u00e4ffke mit Euch ins Gespr\u00e4ch kommen \u00fcber die versteckten Rassismen des Alltags.<\/p>\n<p>Bahnhof Mainkur, An der Mainkur 11, Frankfurt-Fechenheim (Am Ende der Hanauer Landstra\u00dfe). http:\/\/www.mainkurbahnhof.de\/der-bahnhof\/<\/p>\n<p>Im Restaurant des historischen Bahnhofs k\u00f6nnen wir vor Beginn des Salons gemeinsam essen. Bitte meldet Euch wie gewohnt<a title=\"Anmeldung\" href=\"https:\/\/salonslalom.wordpress.com\/anmeldung\/\"> hier<\/a> an (mit\/ohne Essen).<\/p>\n","protected":false},"excerpt":{"rendered":"<p>In der Regel haben die meisten von uns den Anspruch, nicht rassistisch zu denken und zu handeln, vor \u00dcberraschungen ist allerdings niemand sicher. Wie kommt es zu diesem Widerspruch zwischen Anspruch und Wirklichkeit? Mitnichten ist das Thema \u201eRassismus\u201c nur ein &hellip; <a href=\"http:\/\/www.dialogische-kultur-und-bildung.de\/salonslalom\/wer-hat-angst-vorm-schwarzen-mann-rassismus-im-alltag-2\/\">Weiterlesen <span class=\"meta-nav\">&rarr;<\/span><\/a><\/p>\n","protected":false},"author":1,"featured_media":0,"comment_status":"closed","ping_status":"open","sticky":false,"template":"","format":"standard","meta":{"footnotes":""},"categories":[2],"tags":[],"class_list":["post-1772","post","type-post","status-publish","format-standard","hentry","category-news"],"_links":{"self":[{"href":"http:\/\/www.dialogische-kultur-und-bildung.de\/salonslalom\/wp-json\/wp\/v2\/posts\/1772","targetHints":{"allow":["GET"]}}],"collection":[{"href":"http:\/\/www.dialogische-kultur-und-bildung.de\/salonslalom\/wp-json\/wp\/v2\/posts"}],"about":[{"href":"http:\/\/www.dialogische-kultur-und-bildung.de\/salonslalom\/wp-json\/wp\/v2\/types\/post"}],"author":[{"embeddable":true,"href":"http:\/\/www.dialogische-kultur-und-bildung.de\/salonslalom\/wp-json\/wp\/v2\/users\/1"}],"replies":[{"embeddable":true,"href":"http:\/\/www.dialogische-kultur-und-bildung.de\/salonslalom\/wp-json\/wp\/v2\/comments?post=1772"}],"version-history":[{"count":0,"href":"http:\/\/www.dialogische-kultur-und-bildung.de\/salonslalom\/wp-json\/wp\/v2\/posts\/1772\/revisions"}],"wp:attachment":[{"href":"http:\/\/www.dialogische-kultur-und-bildung.de\/salonslalom\/wp-json\/wp\/v2\/media?parent=1772"}],"wp:term":[{"taxonomy":"category","embeddable":true,"href":"http:\/\/www.dialogische-kultur-und-bildung.de\/salonslalom\/wp-json\/wp\/v2\/categories?post=1772"},{"taxonomy":"post_tag","embeddable":true,"href":"http:\/\/www.dialogische-kultur-und-bildung.de\/salonslalom\/wp-json\/wp\/v2\/tags?post=1772"}],"curies":[{"name":"wp","href":"https:\/\/api.w.org\/{rel}","templated":true}]}}