{"id":1754,"date":"2015-03-16T20:25:27","date_gmt":"2015-03-16T18:25:27","guid":{"rendered":"https:\/\/salonslalom.wordpress.com\/?p=1754"},"modified":"2015-03-16T20:25:27","modified_gmt":"2015-03-16T18:25:27","slug":"grosmarkthalle-bilder-online","status":"publish","type":"post","link":"http:\/\/www.dialogische-kultur-und-bildung.de\/salonslalom\/grosmarkthalle-bilder-online\/","title":{"rendered":"Gro\u00dfmarkthalle: Bilder online"},"content":{"rendered":"<p>Herzlichen Dank an alle, die bei unserem Salon Slalom zur Geschichte der Gro\u00dfmarkthalle dabei waren. Als Erinnerung f\u00fcr die G\u00e4ste &#8211; und als kleiner Eindruck f\u00fcr alle, die diesen Abend verpasst haben &#8211; haben wir ein paar Impressionen online gestellt. Ihr findet Sie in unsere <a title=\"Gem\u00fcse, Genozid, Geldpolitik: die Gro\u00dfmarkthalle\" href=\"https:\/\/salonslalom.wordpress.com\/galerie\/gemuse-genozid-geldpolitik-die-grosmarkthalle\/\">Galerie<\/a>.<\/p>\n","protected":false},"excerpt":{"rendered":"<p>Herzlichen Dank an alle, die bei unserem Salon Slalom zur Geschichte der Gro\u00dfmarkthalle dabei waren. Als Erinnerung f\u00fcr die G\u00e4ste &#8211; und als kleiner Eindruck f\u00fcr alle, die diesen Abend verpasst haben &#8211; haben wir ein paar Impressionen online gestellt. &hellip; <a href=\"http:\/\/www.dialogische-kultur-und-bildung.de\/salonslalom\/grosmarkthalle-bilder-online\/\">Weiterlesen <span class=\"meta-nav\">&rarr;<\/span><\/a><\/p>\n","protected":false},"author":1,"featured_media":0,"comment_status":"closed","ping_status":"open","sticky":false,"template":"","format":"standard","meta":{"footnotes":""},"categories":[2],"tags":[],"class_list":["post-1754","post","type-post","status-publish","format-standard","hentry","category-news"],"_links":{"self":[{"href":"http:\/\/www.dialogische-kultur-und-bildung.de\/salonslalom\/wp-json\/wp\/v2\/posts\/1754","targetHints":{"allow":["GET"]}}],"collection":[{"href":"http:\/\/www.dialogische-kultur-und-bildung.de\/salonslalom\/wp-json\/wp\/v2\/posts"}],"about":[{"href":"http:\/\/www.dialogische-kultur-und-bildung.de\/salonslalom\/wp-json\/wp\/v2\/types\/post"}],"author":[{"embeddable":true,"href":"http:\/\/www.dialogische-kultur-und-bildung.de\/salonslalom\/wp-json\/wp\/v2\/users\/1"}],"replies":[{"embeddable":true,"href":"http:\/\/www.dialogische-kultur-und-bildung.de\/salonslalom\/wp-json\/wp\/v2\/comments?post=1754"}],"version-history":[{"count":0,"href":"http:\/\/www.dialogische-kultur-und-bildung.de\/salonslalom\/wp-json\/wp\/v2\/posts\/1754\/revisions"}],"wp:attachment":[{"href":"http:\/\/www.dialogische-kultur-und-bildung.de\/salonslalom\/wp-json\/wp\/v2\/media?parent=1754"}],"wp:term":[{"taxonomy":"category","embeddable":true,"href":"http:\/\/www.dialogische-kultur-und-bildung.de\/salonslalom\/wp-json\/wp\/v2\/categories?post=1754"},{"taxonomy":"post_tag","embeddable":true,"href":"http:\/\/www.dialogische-kultur-und-bildung.de\/salonslalom\/wp-json\/wp\/v2\/tags?post=1754"}],"curies":[{"name":"wp","href":"https:\/\/api.w.org\/{rel}","templated":true}]}}