{"id":1685,"date":"2015-02-20T19:08:15","date_gmt":"2015-02-20T17:08:15","guid":{"rendered":"https:\/\/salonslalom.wordpress.com\/?p=1685"},"modified":"2015-02-20T19:08:15","modified_gmt":"2015-02-20T17:08:15","slug":"13-marz-gemuse-genozid-geldpolitik","status":"publish","type":"post","link":"http:\/\/www.dialogische-kultur-und-bildung.de\/salonslalom\/13-marz-gemuse-genozid-geldpolitik\/","title":{"rendered":"13. M\u00e4rz: Gem\u00fcse, Genozid, Geldpolitik"},"content":{"rendered":"<p><a href=\"https:\/\/salonslalom.files.wordpress.com\/2015\/02\/img_01301.jpg\"><img loading=\"lazy\" decoding=\"async\" class=\"alignleft size-full wp-image-1684\" src=\"https:\/\/salonslalom.files.wordpress.com\/2015\/02\/img_01301.jpg\" alt=\"IMG_0130\" width=\"584\" height=\"389\" \/><\/a><\/p>\n<p>Liebe Freunde des Salon Slalom,<br \/>\nwir laden Euch ganz herzlich ein zu unserem n\u00e4chsten Abend zum Thema<\/p>\n<p><b>Gem\u00fcse, Genozid, Geldpolitik: die Gro\u00dfmarkthalle.<br \/>\n<\/b><b>Was ein Geb\u00e4ude \u00fcber die deutsche Geschichte erz\u00e4hlt<\/b><\/p>\n<p>Freitag, 13.3.2015, 20.00 Uhr<br \/>\nTheaterschule Frankfurt c\/o Katja Hergenhahn<br \/>\nBergerstra\u00dfe 316, Frankfurt-Bornheim<\/p>\n<p>Den Anlass zu diesem Salon gibt eine F\u00fchrung im Sommer 2014 durch das fast fertiggestellte Geb\u00e4ude der Gro\u00dfmarkthalle Frankfurt und den EZB-Turm.\u00a0Wo fr\u00fcher international\u00a0 das Obst aus aller Welt tobte, empf\u00e4ngt den Besucher heute eine diskrete Welt aus Rechners\u00e4len und Besprechungsr\u00e4umen. Blickt man nach unten, liegt die Stadt nah und winzig zugleich zu F\u00fc\u00dfen. Wir fragen uns: Herrscht hier Weitsicht oder Abgehobenheit? Was sagt die Architektur dem Betrachter \u2013was den Menschen, die hier t\u00e4glich arbeiten? Was verr\u00e4t uns die Architektur \u00fcber den Geist einer Institution, ihr Selbstverst\u00e4ndnis, ihre Werte?<\/p>\n<p>An der Entwicklung der Gro\u00dfmarkthalle \u2013 ihrer Architektur, ihrer verschiedenen gesellschaftlichen Funktionen von der Markthalle bis zur Zentralbank \u2013 wird nicht weniger als die kulturelle, sozialpolitische und \u00f6konomische Entwicklung Deutschlands von 1920 bis heute deutlich. \u00a0Anhand von Bildern, Filmausschnitten und verschiedenen Begebenheiten rund um die Gro\u00dfmarkthalle m\u00f6chten wir dieser\u00a0 Entwicklung nachgehen und auf diese Weise nicht nur ein Geb\u00e4ude, sondern auch uns selbst besser verstehen lernen.<a title=\"13. M\u00e4rz: Gem\u00fcse, Genozid, Geldpolitik \u2013 die Gro\u00dfmarkthalle\" href=\"https:\/\/salonslalom.wordpress.com\/termine\/13-marz-gemuse-genozid-geldpolitik-die-grosmarkthalle\/\"> Mehr lesen?\u00a0<\/a><\/p>\n<p>Getr\u00e4nke gibt es wie gewohnt, etwas zu essen k\u00f6nnen wir diesmal leider nicht anbieten. <a title=\"Anmeldung\" href=\"https:\/\/salonslalom.wordpress.com\/anmeldung\/\">Bitte meldet Euch wie gewohnt an<\/a>. Wir freuen uns auf Euch!<\/p>\n","protected":false},"excerpt":{"rendered":"<p>Liebe Freunde des Salon Slalom, wir laden Euch ganz herzlich ein zu unserem n\u00e4chsten Abend zum Thema Gem\u00fcse, Genozid, Geldpolitik: die Gro\u00dfmarkthalle. Was ein Geb\u00e4ude \u00fcber die deutsche Geschichte erz\u00e4hlt Freitag, 13.3.2015, 20.00 Uhr Theaterschule Frankfurt c\/o Katja Hergenhahn Bergerstra\u00dfe &hellip; <a href=\"http:\/\/www.dialogische-kultur-und-bildung.de\/salonslalom\/13-marz-gemuse-genozid-geldpolitik\/\">Weiterlesen <span class=\"meta-nav\">&rarr;<\/span><\/a><\/p>\n","protected":false},"author":1,"featured_media":0,"comment_status":"closed","ping_status":"open","sticky":false,"template":"","format":"standard","meta":{"footnotes":""},"categories":[2],"tags":[],"class_list":["post-1685","post","type-post","status-publish","format-standard","hentry","category-news"],"_links":{"self":[{"href":"http:\/\/www.dialogische-kultur-und-bildung.de\/salonslalom\/wp-json\/wp\/v2\/posts\/1685","targetHints":{"allow":["GET"]}}],"collection":[{"href":"http:\/\/www.dialogische-kultur-und-bildung.de\/salonslalom\/wp-json\/wp\/v2\/posts"}],"about":[{"href":"http:\/\/www.dialogische-kultur-und-bildung.de\/salonslalom\/wp-json\/wp\/v2\/types\/post"}],"author":[{"embeddable":true,"href":"http:\/\/www.dialogische-kultur-und-bildung.de\/salonslalom\/wp-json\/wp\/v2\/users\/1"}],"replies":[{"embeddable":true,"href":"http:\/\/www.dialogische-kultur-und-bildung.de\/salonslalom\/wp-json\/wp\/v2\/comments?post=1685"}],"version-history":[{"count":0,"href":"http:\/\/www.dialogische-kultur-und-bildung.de\/salonslalom\/wp-json\/wp\/v2\/posts\/1685\/revisions"}],"wp:attachment":[{"href":"http:\/\/www.dialogische-kultur-und-bildung.de\/salonslalom\/wp-json\/wp\/v2\/media?parent=1685"}],"wp:term":[{"taxonomy":"category","embeddable":true,"href":"http:\/\/www.dialogische-kultur-und-bildung.de\/salonslalom\/wp-json\/wp\/v2\/categories?post=1685"},{"taxonomy":"post_tag","embeddable":true,"href":"http:\/\/www.dialogische-kultur-und-bildung.de\/salonslalom\/wp-json\/wp\/v2\/tags?post=1685"}],"curies":[{"name":"wp","href":"https:\/\/api.w.org\/{rel}","templated":true}]}}