{"id":1674,"date":"2015-01-25T21:20:51","date_gmt":"2015-01-25T19:20:51","guid":{"rendered":"https:\/\/salonslalom.wordpress.com\/?p=1674"},"modified":"2015-01-25T21:20:51","modified_gmt":"2015-01-25T19:20:51","slug":"neue-bilder-in-der-galerie-13-3-grosmarkthalle","status":"publish","type":"post","link":"http:\/\/www.dialogische-kultur-und-bildung.de\/salonslalom\/neue-bilder-in-der-galerie-13-3-grosmarkthalle\/","title":{"rendered":"Neue Bilder in der Galerie \/ 13.3. Gro\u00dfmarkthalle"},"content":{"rendered":"<p>Viele Bilder haben wir nicht gemacht &#8211; dem Thema zum Trotz -, aber ein paar Impressionen vom Salon &#8222;Den Blick auf die Welt erweitern &#8211; Pro Quote Regie&#8220; sind ab heute in unserer <a title=\"Galerie\" href=\"https:\/\/salonslalom.wordpress.com\/galerie\/\">Galerie<\/a> zu finden.<\/p>\n<p>PS: Schon mal vormerken: Der n\u00e4chste Salon widmet der der Geschichte der Gro\u00dfmarkthalle unter dem Titel &#8222;Gem\u00fcse, Genozid, Geldpolitik&#8220;. Datum ist Freitag, 13.3. Details folgen!<\/p>\n","protected":false},"excerpt":{"rendered":"<p>Viele Bilder haben wir nicht gemacht &#8211; dem Thema zum Trotz -, aber ein paar Impressionen vom Salon &#8222;Den Blick auf die Welt erweitern &#8211; Pro Quote Regie&#8220; sind ab heute in unserer Galerie zu finden. PS: Schon mal vormerken: &hellip; <a href=\"http:\/\/www.dialogische-kultur-und-bildung.de\/salonslalom\/neue-bilder-in-der-galerie-13-3-grosmarkthalle\/\">Weiterlesen <span class=\"meta-nav\">&rarr;<\/span><\/a><\/p>\n","protected":false},"author":1,"featured_media":0,"comment_status":"closed","ping_status":"open","sticky":false,"template":"","format":"standard","meta":{"footnotes":""},"categories":[2],"tags":[],"class_list":["post-1674","post","type-post","status-publish","format-standard","hentry","category-news"],"_links":{"self":[{"href":"http:\/\/www.dialogische-kultur-und-bildung.de\/salonslalom\/wp-json\/wp\/v2\/posts\/1674","targetHints":{"allow":["GET"]}}],"collection":[{"href":"http:\/\/www.dialogische-kultur-und-bildung.de\/salonslalom\/wp-json\/wp\/v2\/posts"}],"about":[{"href":"http:\/\/www.dialogische-kultur-und-bildung.de\/salonslalom\/wp-json\/wp\/v2\/types\/post"}],"author":[{"embeddable":true,"href":"http:\/\/www.dialogische-kultur-und-bildung.de\/salonslalom\/wp-json\/wp\/v2\/users\/1"}],"replies":[{"embeddable":true,"href":"http:\/\/www.dialogische-kultur-und-bildung.de\/salonslalom\/wp-json\/wp\/v2\/comments?post=1674"}],"version-history":[{"count":0,"href":"http:\/\/www.dialogische-kultur-und-bildung.de\/salonslalom\/wp-json\/wp\/v2\/posts\/1674\/revisions"}],"wp:attachment":[{"href":"http:\/\/www.dialogische-kultur-und-bildung.de\/salonslalom\/wp-json\/wp\/v2\/media?parent=1674"}],"wp:term":[{"taxonomy":"category","embeddable":true,"href":"http:\/\/www.dialogische-kultur-und-bildung.de\/salonslalom\/wp-json\/wp\/v2\/categories?post=1674"},{"taxonomy":"post_tag","embeddable":true,"href":"http:\/\/www.dialogische-kultur-und-bildung.de\/salonslalom\/wp-json\/wp\/v2\/tags?post=1674"}],"curies":[{"name":"wp","href":"https:\/\/api.w.org\/{rel}","templated":true}]}}