{"id":1609,"date":"2014-12-19T22:52:58","date_gmt":"2014-12-19T20:52:58","guid":{"rendered":"http:\/\/salonslalom.wordpress.com\/?p=1609"},"modified":"2014-12-19T22:52:58","modified_gmt":"2014-12-19T20:52:58","slug":"bilder-aus-der-experimentellen-salonkuche-online","status":"publish","type":"post","link":"http:\/\/www.dialogische-kultur-und-bildung.de\/salonslalom\/bilder-aus-der-experimentellen-salonkuche-online\/","title":{"rendered":"Bilder aus der &#8222;experimentellen Salonk\u00fcche&#8220; online"},"content":{"rendered":"<p>Kurz bevor die Weihnachts-V\u00f6llerei losgeht, stellen wir noch schnell die Fotos aus unserer &#8222;experimentellen Salonk\u00fcche&#8220; im Dezember online. Danke an J\u00f6rg f\u00fcr&#8217;s Fotografieren (und Mitkochen) und an alle, die dabei waren, als wir als wir im Blindflug die leckersten Sachen gezaubert haben. Hier geht&#8217;s zur <a title=\"Experimentelle Salonk\u00fcche 5.12.2014\" href=\"http:\/\/salonslalom.wordpress.com\/galerie\/experimentelle-salonkuche-5-12-2014\/\">Galerie<\/a>\u00a0mit den Essens-Bildern.<\/p>\n","protected":false},"excerpt":{"rendered":"<p>Kurz bevor die Weihnachts-V\u00f6llerei losgeht, stellen wir noch schnell die Fotos aus unserer &#8222;experimentellen Salonk\u00fcche&#8220; im Dezember online. Danke an J\u00f6rg f\u00fcr&#8217;s Fotografieren (und Mitkochen) und an alle, die dabei waren, als wir als wir im Blindflug die leckersten Sachen &hellip; <a href=\"http:\/\/www.dialogische-kultur-und-bildung.de\/salonslalom\/bilder-aus-der-experimentellen-salonkuche-online\/\">Weiterlesen <span class=\"meta-nav\">&rarr;<\/span><\/a><\/p>\n","protected":false},"author":1,"featured_media":0,"comment_status":"closed","ping_status":"open","sticky":false,"template":"","format":"standard","meta":{"footnotes":""},"categories":[2],"tags":[],"class_list":["post-1609","post","type-post","status-publish","format-standard","hentry","category-news"],"_links":{"self":[{"href":"http:\/\/www.dialogische-kultur-und-bildung.de\/salonslalom\/wp-json\/wp\/v2\/posts\/1609","targetHints":{"allow":["GET"]}}],"collection":[{"href":"http:\/\/www.dialogische-kultur-und-bildung.de\/salonslalom\/wp-json\/wp\/v2\/posts"}],"about":[{"href":"http:\/\/www.dialogische-kultur-und-bildung.de\/salonslalom\/wp-json\/wp\/v2\/types\/post"}],"author":[{"embeddable":true,"href":"http:\/\/www.dialogische-kultur-und-bildung.de\/salonslalom\/wp-json\/wp\/v2\/users\/1"}],"replies":[{"embeddable":true,"href":"http:\/\/www.dialogische-kultur-und-bildung.de\/salonslalom\/wp-json\/wp\/v2\/comments?post=1609"}],"version-history":[{"count":0,"href":"http:\/\/www.dialogische-kultur-und-bildung.de\/salonslalom\/wp-json\/wp\/v2\/posts\/1609\/revisions"}],"wp:attachment":[{"href":"http:\/\/www.dialogische-kultur-und-bildung.de\/salonslalom\/wp-json\/wp\/v2\/media?parent=1609"}],"wp:term":[{"taxonomy":"category","embeddable":true,"href":"http:\/\/www.dialogische-kultur-und-bildung.de\/salonslalom\/wp-json\/wp\/v2\/categories?post=1609"},{"taxonomy":"post_tag","embeddable":true,"href":"http:\/\/www.dialogische-kultur-und-bildung.de\/salonslalom\/wp-json\/wp\/v2\/tags?post=1609"}],"curies":[{"name":"wp","href":"https:\/\/api.w.org\/{rel}","templated":true}]}}