{"id":1580,"date":"2014-12-18T22:06:45","date_gmt":"2014-12-18T20:06:45","guid":{"rendered":"http:\/\/salonslalom.wordpress.com\/?p=1580"},"modified":"2014-12-18T22:06:45","modified_gmt":"2014-12-18T20:06:45","slug":"den-blick-auf-die-welt-erweitern-der-kampf-um-gleichberechtigung-im-filmgeschaft","status":"publish","type":"post","link":"http:\/\/www.dialogische-kultur-und-bildung.de\/salonslalom\/den-blick-auf-die-welt-erweitern-der-kampf-um-gleichberechtigung-im-filmgeschaft\/","title":{"rendered":"Den Blick auf die Welt erweitern &#8211; Der Kampf um Gleichberechtigung im Filmgesch\u00e4ft"},"content":{"rendered":"<p><b>Ein Salonabend mit den Regisseurinnen Katinka Feistl und Annette Ernst \u00fcber Bilder, Macht, Gerechtigkeit und Quote<\/b><\/p>\n<p><b>Freitag, 16. Januar 2015, 19.30 Uhr<\/b><\/p>\n<p><b>Schwalbe 54 &#8211; Raum f\u00fcr Kunst, Schwalbacher Stra\u00dfe 54, 60326 Frankfurt\u00a0<\/b><\/p>\n<p>Vor \u00fcber einem Jahr haben die zwei Frankfurter Regisseurinnen, Katinka Feistl und Annette Ernst die Initiative \u201ePro Quote Regie\u201c angeschoben. Sie haben festgestellt, dass 85 % aller Filme von M\u00e4nnern gemacht werden \u2013 sowohl im Kino, als auch im Fernsehen und das wollen sie \u00e4ndern \u2013 nicht zuletzt auch, weil es um Geld geht. Aber es geht noch um so viel mehr. Um Pluralit\u00e4t und die Macht \u00fcber die eigenen Bilder. Um Netzwerke unter Frauen, die M\u00e4nner schon seit Jahrzehnten als \u201aSeilschaften\u2019 bezeichnen und davon profitieren. Um weibliche Heldinnen. Um den Umgang von M\u00e4nnern mit Frauen, aber auch von Frauen mit Frauen. <a title=\"Den Blick auf die Welt erweitern \u2013 Der Kampf um Gleichberechtigung im Filmgesch\u00e4ft\" href=\"http:\/\/salonslalom.wordpress.com\/termine\/1573-2\/\">mehr&#8230;<\/a><\/p>\n","protected":false},"excerpt":{"rendered":"<p>Ein Salonabend mit den Regisseurinnen Katinka Feistl und Annette Ernst \u00fcber Bilder, Macht, Gerechtigkeit und Quote Freitag, 16. Januar 2015, 19.30 Uhr Schwalbe 54 &#8211; Raum f\u00fcr Kunst, Schwalbacher Stra\u00dfe 54, 60326 Frankfurt\u00a0 Vor \u00fcber einem Jahr haben die zwei &hellip; <a href=\"http:\/\/www.dialogische-kultur-und-bildung.de\/salonslalom\/den-blick-auf-die-welt-erweitern-der-kampf-um-gleichberechtigung-im-filmgeschaft\/\">Weiterlesen <span class=\"meta-nav\">&rarr;<\/span><\/a><\/p>\n","protected":false},"author":1,"featured_media":0,"comment_status":"closed","ping_status":"open","sticky":false,"template":"","format":"standard","meta":{"footnotes":""},"categories":[2],"tags":[],"class_list":["post-1580","post","type-post","status-publish","format-standard","hentry","category-news"],"_links":{"self":[{"href":"http:\/\/www.dialogische-kultur-und-bildung.de\/salonslalom\/wp-json\/wp\/v2\/posts\/1580","targetHints":{"allow":["GET"]}}],"collection":[{"href":"http:\/\/www.dialogische-kultur-und-bildung.de\/salonslalom\/wp-json\/wp\/v2\/posts"}],"about":[{"href":"http:\/\/www.dialogische-kultur-und-bildung.de\/salonslalom\/wp-json\/wp\/v2\/types\/post"}],"author":[{"embeddable":true,"href":"http:\/\/www.dialogische-kultur-und-bildung.de\/salonslalom\/wp-json\/wp\/v2\/users\/1"}],"replies":[{"embeddable":true,"href":"http:\/\/www.dialogische-kultur-und-bildung.de\/salonslalom\/wp-json\/wp\/v2\/comments?post=1580"}],"version-history":[{"count":0,"href":"http:\/\/www.dialogische-kultur-und-bildung.de\/salonslalom\/wp-json\/wp\/v2\/posts\/1580\/revisions"}],"wp:attachment":[{"href":"http:\/\/www.dialogische-kultur-und-bildung.de\/salonslalom\/wp-json\/wp\/v2\/media?parent=1580"}],"wp:term":[{"taxonomy":"category","embeddable":true,"href":"http:\/\/www.dialogische-kultur-und-bildung.de\/salonslalom\/wp-json\/wp\/v2\/categories?post=1580"},{"taxonomy":"post_tag","embeddable":true,"href":"http:\/\/www.dialogische-kultur-und-bildung.de\/salonslalom\/wp-json\/wp\/v2\/tags?post=1580"}],"curies":[{"name":"wp","href":"https:\/\/api.w.org\/{rel}","templated":true}]}}